{"id":21845,"date":"2024-12-29T14:59:16","date_gmt":"2024-12-29T14:59:16","guid":{"rendered":"https:\/\/www.studiokappa.it\/?p=21845"},"modified":"2024-12-29T16:38:52","modified_gmt":"2024-12-29T16:38:52","slug":"focus-group-di-comunita","status":"publish","type":"post","link":"https:\/\/www.studiokappa.it\/?p=21845","title":{"rendered":"Focus Group di Comunit\u00e0"},"content":{"rendered":"<p><em><span style=\"color: #6600ff; font-size: medium;\"><strong>Corso per facilitatori di Focus Group nei processi di Sviluppo di Comunit\u00e0<\/strong><\/span><\/em><\/p>\n<div align=\"center\"><a title=\"Scarica il depliant informativo\" href=\"https:\/\/www.studiokappa.it\/wp-content\/uploads\/2024\/12\/2025.02.21-FocusGroupComunita-Treviso.pdf\"><img decoding=\"async\" style=\"width: 600px; height: 400px;\" src=\"https:\/\/www.studiokappa.it\/wp-content\/uploads\/2024\/12\/2025.02.14-FocusGroupComunita-Treviso.jpg\" \/><\/a><\/div>\n<p><em><br \/>\n<\/em><br \/>\nCon il training non residenziale i partecipanti apprendono a facilitare i Focus Group, nel modello utilizzato nei processi di Sviluppo di Comunit\u00e0. <\/p>\n<p>Il corso consente a tutti i partecipanti di sperimentarsi nella facilitazione e raccogliere dal formatore e dalle altre persone un feedback per migliorare la conduzione dello strumento di ricerca-sociale.<\/p>\n<p>I Focus Group non sono uno strumento per il decision making, ciononostante, si prestano bene per attivare la fase ideativa della gente attorno ad un tema sentito come importante e cos\u00ec risultano prodromici alle decisioni di comunit\u00e0, in quanto preparano le comunit\u00e0 all\u2019attivazione per fronteggiare problemi comuni che le persone sentono importanti.<\/p>\n<p>Il Training \u00e8 condotto da <a style=\"text-decoration: none;\" title=\"Simone Deflorian\" href=\"http:\/\/www.studiokappa.it\/?page_id=108\" target=\"_self\" rel=\"noopener noreferrer\">Simone Deflorian<\/a>.<br \/>\n<em><br \/>\n<\/em><br \/>\n<em><br \/>\n<\/em><\/p>\n<table ;=\"\" width=\"90%\" height=\"30\">\n<tbody>\n<tr>\n<td background=\"https:\/\/www.studiokappa.it\/wp-content\/uploads\/2014\/01\/barra.jpg\"><strong><span style=\"color: #FFFFFF; font-size: 150%;\">&nbsp;Programma delle giornate formative<\/span><\/strong><\/td>\n<\/tr>\n<\/tbody>\n<\/table>\n<p><img decoding=\"async\" src=\"https:\/\/lh4.googleusercontent.com\/-KUnM_IO-hAs\/TgZgN0tqEuI\/AAAAAAAAAZk\/Cachu2JnhXM\/bullet.gif\" alt=\" \" width=\"12\" height=\"11\" border=\"0\" \/> 1. Analisi critica, processi di Empowerment e di Sviluppo di Comunit\u00e0 e introduzione teorica Focus Group di Comunit\u00e0<\/p>\n<p><img decoding=\"async\" src=\"https:\/\/lh4.googleusercontent.com\/-KUnM_IO-hAs\/TgZgN0tqEuI\/AAAAAAAAAZk\/Cachu2JnhXM\/bullet.gif\" alt=\" \" width=\"12\" height=\"11\" border=\"0\" \/> 2. Sperimentazione Focus Group di Comunit\u00e0, sostituzione dei partecipanti alla conduzione e mentalizzazione degli apprendimenti<br \/>\n<em><br \/>\n<\/em><br \/>\n<em><br \/>\n<\/em><\/p>\n<table ;=\"\" width=\"90%\" height=\"30\">\n<tbody>\n<tr>\n<td background=\"https:\/\/www.studiokappa.it\/wp-content\/uploads\/2014\/01\/barra.jpg\"><strong><span style=\"color: #FFFFFF; font-size: 150%;\">&nbsp;Sedi e Date<\/span><\/strong><\/td>\n<\/tr>\n<\/tbody>\n<\/table>\n<p>Il Training si articola su 2 intere giornate (h. 9.00-18.00) e viene a Treviso, nelle seguenti date:<\/p>\n<p><img decoding=\"async\" src=\"https:\/\/lh4.googleusercontent.com\/-KUnM_IO-hAs\/TgZgN0tqEuI\/AAAAAAAAAZk\/Cachu2JnhXM\/bullet.gif\" alt=\" \" width=\"12\" height=\"11\" border=\"0\" \/> Treviso: 21 e 22 Febbraio 2025<br \/>\n<em><br \/>\n<\/em><br \/>\n<em><br \/>\n<\/em><\/p>\n<table ;=\"\" width=\"90%\" height=\"30\">\n<tbody>\n<tr>\n<td background=\"https:\/\/www.studiokappa.it\/wp-content\/uploads\/2014\/01\/barra.jpg\"><strong><span style=\"color: #FFFFFF; font-size: 150%;\">&nbsp;Perch\u00e8 partecipare?<\/span><\/strong><\/td>\n<\/tr>\n<\/tbody>\n<\/table>\n<p>Nelle diverse facolt\u00e0 universitarie e sui libri si studiano i Focus Group.<br \/>\nIl Training \u00e8 l&#8217;occasione per sperimentarsi alla conduzione e osservare piccoli dettagli per rendere pi\u00f9 performante ed efficace la conduzione in una prospettiva di Empowerment di Comunit\u00e0.<\/p>\n<p>Al termine delle giornate, i partecipanti sono nelle condizioni di condurre, avendone sperimentati alcuni, Focus Group con autorevolezza e capacit\u00e0 di orientamento del processo.<br \/>\n<em><br \/>\n<\/em><br \/>\n<em><br \/>\n<\/em><\/p>\n<table ;=\"\" width=\"90%\" height=\"30\">\n<tbody>\n<tr>\n<td background=\"https:\/\/www.studiokappa.it\/wp-content\/uploads\/2014\/01\/barra.jpg\"><strong><span style=\"color: #FFFFFF; font-size: 150%;\">&nbsp;Cosa faremo?<\/span><\/strong><\/td>\n<\/tr>\n<\/tbody>\n<\/table>\n<p>Il Training \u00e8 l&#8217;occasione per avere un orientamento generale sui processi di Empowerment di Comunit\u00e0 e per quale scopo si possono rivelare utili i Focus Group.<\/p>\n<p>Nel corso delle giornate i partecipanti si sperimentano in prima persona nella conduzione di un Focus Group.<\/p>\n<p><em><br \/>\n<\/em><br \/>\n<em><br \/>\n<\/em><\/p>\n<table ;=\"\" width=\"90%\" height=\"30\">\n<tbody>\n<tr>\n<td background=\"https:\/\/www.studiokappa.it\/wp-content\/uploads\/2014\/01\/barra.jpg\"><strong><span style=\"color: #FFFFFF; font-size: 150%;\">&nbsp;A chi \u00e8 indicato il Training?<\/span><\/strong><\/td>\n<\/tr>\n<\/tbody>\n<\/table>\n<p>Alle giornate partecipano professionisti e ricercatori che intendono affinare strumenti di ricerca-sociale per utilizzarli nei diversi campi di applicazione, tra cui la ricerca sociale applicata ai processi di Sviluppo di Comunit\u00e0.<br \/>\n<em><br \/>\n<\/em><br \/>\n<em><br \/>\n<\/em><\/p>\n<table ;=\"\" width=\"90%\" height=\"30\">\n<tbody>\n<tr>\n<td background=\"https:\/\/www.studiokappa.it\/wp-content\/uploads\/2014\/01\/barra.jpg\"><strong><span style=\"color: #FFFFFF; font-size: 150%;\">&nbsp;Informazioni<\/span><\/strong><\/td>\n<\/tr>\n<\/tbody>\n<\/table>\n<p><a style=\"text-decoration: none;\" title=\"Scarica il depliant informativo\" href=\"https:\/\/www.studiokappa.it\/wp-content\/uploads\/2024\/12\/2025.02.21-FocusGroupComunita-Treviso.pdf\">Scarica il depliant informativo<\/a><\/p>\n<p><a style=\"text-decoration: none;\" title=\"Iscriviti al Training\" href=\"https:\/\/www.studiokappa.it\/?page_id=4059\">Iscriviti al Training<\/a><br \/>\n<em><br \/>\n<\/em><br \/>\n<em><br \/>\n<\/em><\/p>\n","protected":false},"excerpt":{"rendered":"<p>Corso per facilitatori di Focus Group nei processi di Sviluppo di Comunit\u00e0 Con il training non residenziale i partecipanti apprendono a facilitare i Focus Group, nel modello utilizzato nei processi di Sviluppo di Comunit\u00e0. Il corso consente a tutti i partecipanti di sperimentarsi nella facilitazione e raccogliere dal formatore e dalle altre persone un feedback [&hellip;]<\/p>\n","protected":false},"author":1,"featured_media":0,"comment_status":"closed","ping_status":"open","sticky":false,"template":"","format":"standard","meta":{"footnotes":""},"categories":[1],"tags":[],"class_list":["post-21845","post","type-post","status-publish","format-standard","hentry","category-senza-categoria"],"_links":{"self":[{"href":"https:\/\/www.studiokappa.it\/index.php?rest_route=\/wp\/v2\/posts\/21845","targetHints":{"allow":["GET"]}}],"collection":[{"href":"https:\/\/www.studiokappa.it\/index.php?rest_route=\/wp\/v2\/posts"}],"about":[{"href":"https:\/\/www.studiokappa.it\/index.php?rest_route=\/wp\/v2\/types\/post"}],"author":[{"embeddable":true,"href":"https:\/\/www.studiokappa.it\/index.php?rest_route=\/wp\/v2\/users\/1"}],"replies":[{"embeddable":true,"href":"https:\/\/www.studiokappa.it\/index.php?rest_route=%2Fwp%2Fv2%2Fcomments&post=21845"}],"version-history":[{"count":0,"href":"https:\/\/www.studiokappa.it\/index.php?rest_route=\/wp\/v2\/posts\/21845\/revisions"}],"wp:attachment":[{"href":"https:\/\/www.studiokappa.it\/index.php?rest_route=%2Fwp%2Fv2%2Fmedia&parent=21845"}],"wp:term":[{"taxonomy":"category","embeddable":true,"href":"https:\/\/www.studiokappa.it\/index.php?rest_route=%2Fwp%2Fv2%2Fcategories&post=21845"},{"taxonomy":"post_tag","embeddable":true,"href":"https:\/\/www.studiokappa.it\/index.php?rest_route=%2Fwp%2Fv2%2Ftags&post=21845"}],"curies":[{"name":"wp","href":"https:\/\/api.w.org\/{rel}","templated":true}]}}