{"id":21562,"date":"2024-12-19T16:12:09","date_gmt":"2024-12-19T16:12:09","guid":{"rendered":"https:\/\/www.studiokappa.it\/?p=21562"},"modified":"2025-01-04T11:17:01","modified_gmt":"2025-01-04T11:17:01","slug":"insegnanti-resistenti","status":"publish","type":"post","link":"https:\/\/www.studiokappa.it\/?p=21562","title":{"rendered":"Insegnanti Resistenti"},"content":{"rendered":"<p><em><span style=\"color: #6600ff; font-size: medium;\"><strong>Trasformare la scuola dall\u2019interno: la vision, le tecniche, il piano d\u2019azione<\/strong><\/span><\/em><\/p>\n<div align=\"center\"><a title=\"Scarica il depliant informativo\" href=\"https:\/\/www.studiokappa.it\/wp-content\/uploads\/2024\/12\/2025InsegnantiResistenti.pdf\"><img decoding=\"async\" style=\"width: 600px; height: 400px;\" src=\"https:\/\/www.studiokappa.it\/wp-content\/uploads\/2024\/12\/IMG-20170526-WA0007.jpg\" \/><\/a><\/div>\n<p><em><br \/>\n<\/em><br \/>\nL\u2019immagine scelta rappresenta la forza delle montagne. Una forza calma, salda, solida, apparentemente immobile.<\/p>\n<p>La resistenza italiana, che ha portato poi al superamento dal fascismo, \u00e8 stata portata avanti da donne e uomini (le donne nella resistenza hanno avuto un ruolo importantissimo, proprio perch\u00e8 invisibile) che lasciavano le citt\u00e0 e le campagne per raccogliersi in montagna, nel silenzio e in luoghi difficilmente accessibili.<\/p>\n<p>Cos\u00ec lo spirito che muove gli <strong>Insegnanti Resistenti<\/strong> \u00e8 altrettanto silente e invisibile, ma non per questo meno forte, pervasivo e trasformativo.<\/p>\n<p>Il Workshop di tre giornate attiva un processo di <strong>profonda trasformazione della scuola dall\u2019interno<\/strong>, attraverso invisibili azioni concrete coordinate e collettive che ricostruiscono la dimensione umana, formativa e critica della scuola alla luce degli apporti di Ivan Illich, Paulo Freire, Danilo Dolci, Lorenzo Milani, Gene Sharp.<\/p>\n<p>Gli <strong>Insegnanti Resistenti<\/strong> formati diventano <strong>attivatori invisibili<\/strong> e capaci di coordinarsi tra loro per mobilitare processi trasformativi dell\u2019istituzione scolastica dall\u2019interno.<\/p>\n<p>Il Workshop \u00e8 condotto da <a style=\"text-decoration: none;\" title=\"Simone Deflorian\" href=\"http:\/\/www.studiokappa.it\/?page_id=108\" target=\"_self\" rel=\"noopener noreferrer\">Simone Deflorian<\/a>.<br \/>\n<em><br \/>\n<\/em><br \/>\n<em><br \/>\n<\/em><\/p>\n<table width=\"100%\"; height=\"30\">\n<tbody>\n<tr>\n<td height=\"30\" bgcolor=\"#7e4096\"><strong><span style=\"color: #FFFFFF; font-size: 150%;\"> Programma delle giornate formative<\/span><\/strong><\/td>\n<\/tr>\n<\/tbody>\n<\/table>\n<p><img decoding=\"async\" src=\"https:\/\/lh4.googleusercontent.com\/-KUnM_IO-hAs\/TgZgN0tqEuI\/AAAAAAAAAZk\/Cachu2JnhXM\/bullet.gif\" alt=\" \" width=\"12\" height=\"11\" border=\"0\" \/> 1. Analisi critica, capacit\u00e0 di disvelamento della manipolazione, vision e approccio<\/p>\n<p><img decoding=\"async\" src=\"https:\/\/lh4.googleusercontent.com\/-KUnM_IO-hAs\/TgZgN0tqEuI\/AAAAAAAAAZk\/Cachu2JnhXM\/bullet.gif\" alt=\" \" width=\"12\" height=\"11\" border=\"0\" \/> 2. Metodi, tecniche, tattiche e strategie<\/p>\n<p><img decoding=\"async\" src=\"https:\/\/lh4.googleusercontent.com\/-KUnM_IO-hAs\/TgZgN0tqEuI\/AAAAAAAAAZk\/Cachu2JnhXM\/bullet.gif\" alt=\" \" width=\"12\" height=\"11\" border=\"0\" \/> 3. Piano d\u2019Azione collettivo<\/p>\n<p>Nota: ai partecipanti verranno consegnate 3 pubblicazioni<br \/>\n<em><br \/>\n<\/em><br \/>\n<em><br \/>\n<\/em><\/p>\n<table width=\"100%\">\n<tbody>\n<tr>\n<td height=\"30\" bgcolor=\"#7e4096\"><strong><span style=\"color: #ffffff; font-size: 150%;\">\u00a0Sedi e Date<\/span><\/strong><\/td>\n<\/tr>\n<\/tbody>\n<\/table>\n<p>Il Workshop si articola su 3 intere giornate (h. 9.00-18.00) e viene replicato in 3 diverse citt\u00e0, nelle seguenti date:<\/p>\n<p><img decoding=\"async\" src=\"https:\/\/lh4.googleusercontent.com\/-KUnM_IO-hAs\/TgZgN0tqEuI\/AAAAAAAAAZk\/Cachu2JnhXM\/bullet.gif\" alt=\" \" width=\"12\" height=\"11\" border=\"0\" \/> Firenze: 01 Marzo 2025 \u2013 05 Aprile 2025 \u2013 03 Maggio 2025<\/p>\n<p><img decoding=\"async\" src=\"https:\/\/lh4.googleusercontent.com\/-KUnM_IO-hAs\/TgZgN0tqEuI\/AAAAAAAAAZk\/Cachu2JnhXM\/bullet.gif\" alt=\" \" width=\"12\" height=\"11\" border=\"0\" \/> Verona: 15 Marzo 2025 \u2013 17 Aprile 2025 \u2013 17 Maggio 2025<\/p>\n<p><img decoding=\"async\" src=\"https:\/\/lh4.googleusercontent.com\/-KUnM_IO-hAs\/TgZgN0tqEuI\/AAAAAAAAAZk\/Cachu2JnhXM\/bullet.gif\" alt=\" \" width=\"12\" height=\"11\" border=\"0\" \/> Roma: 11 Ottobre 2025 \u2013 15 Novembre 2025 \u2013 06 Dicembre 2025<\/p>\n<p><a style=\"text-decoration: none;\" title=\"Richiedi il Workshop degli Insegnanti Resistenti nella tua citt\u00e0\" href=\"https:\/\/www.studiokappa.it\/?page_id=21625\">Preferisci che un Workshop degli Insegnanti Resistenti sia realizzato nella tua citt\u00e0, cos\u00ec da fare rete e densit\u00e0 sul territorio?<br \/>\nClicca qui e lo realizziamo nella tua citt\u00e0.<\/a><br \/>\n<em><br \/>\n<\/em><br \/>\n<em><br \/>\n<\/em><\/p>\n<table width=\"100%\">\n<tbody>\n<tr>\n<td height=\"30\" bgcolor=\"#7e4096\"><strong><span style=\"color: #ffffff; font-size: 150%;\">\u00a0Perch\u00e8 partecipare?<\/span><\/strong><\/td>\n<\/tr>\n<\/tbody>\n<\/table>\n<p><img decoding=\"async\" src=\"https:\/\/lh4.googleusercontent.com\/-KUnM_IO-hAs\/TgZgN0tqEuI\/AAAAAAAAAZk\/Cachu2JnhXM\/bullet.gif\" alt=\" \" width=\"12\" height=\"11\" border=\"0\" \/> Credi nell\u2019educazione e nella formazione dei giovani e vedi che la scuola sta andando nella direzione di una fredda azienda, che punta a produrre <strong>robot di carne pronti per il sistema produttivo<\/strong>?<\/p>\n<p><img decoding=\"async\" src=\"https:\/\/lh4.googleusercontent.com\/-KUnM_IO-hAs\/TgZgN0tqEuI\/AAAAAAAAAZk\/Cachu2JnhXM\/bullet.gif\" alt=\" \" width=\"12\" height=\"11\" border=\"0\" \/> Ti ritrovi in Ivan Illich quando scriveva negli anni \u201970 che le scuole stavano diventando delle <strong>fabbriche di clonazione delle coscienze<\/strong> delle persone?<\/p>\n<p><img decoding=\"async\" src=\"https:\/\/lh4.googleusercontent.com\/-KUnM_IO-hAs\/TgZgN0tqEuI\/AAAAAAAAAZk\/Cachu2JnhXM\/bullet.gif\" alt=\" \" width=\"12\" height=\"11\" border=\"0\" \/> Ti preoccupa la deriva nozionistica e <strong>comportamentista<\/strong> (obbedienza = premio; disobbedienza = punizione) della scuola?<\/p>\n<p><img decoding=\"async\" src=\"https:\/\/lh4.googleusercontent.com\/-KUnM_IO-hAs\/TgZgN0tqEuI\/AAAAAAAAAZk\/Cachu2JnhXM\/bullet.gif\" alt=\" \" width=\"12\" height=\"11\" border=\"0\" \/> Senti l\u2019istituzione scolastica sempre pi\u00f9 <strong>gerarchica<\/strong> e <strong>oppressiva<\/strong> sia verso gli insegnanti, sia verso gli studenti?<\/p>\n<p><img decoding=\"async\" src=\"https:\/\/lh4.googleusercontent.com\/-KUnM_IO-hAs\/TgZgN0tqEuI\/AAAAAAAAAZk\/Cachu2JnhXM\/bullet.gif\" alt=\" \" width=\"12\" height=\"11\" border=\"0\" \/> Sei stanca\/o della <strong>lamentela<\/strong>, della <strong>rassegnazione<\/strong> e del <strong>qualunquismo<\/strong> di alcune componenti della scuola?<\/p>\n<p><img decoding=\"async\" src=\"https:\/\/lh4.googleusercontent.com\/-KUnM_IO-hAs\/TgZgN0tqEuI\/AAAAAAAAAZk\/Cachu2JnhXM\/bullet.gif\" alt=\" \" width=\"12\" height=\"11\" border=\"0\" \/> Ti senti <strong>donna o uomo di speranza<\/strong> che crede che <strong>insieme \u00e8 possibile<\/strong> dall\u2019interno attivare un processo traformativo?<\/p>\n<p><img decoding=\"async\" src=\"https:\/\/lh4.googleusercontent.com\/-KUnM_IO-hAs\/TgZgN0tqEuI\/AAAAAAAAAZk\/Cachu2JnhXM\/bullet.gif\" alt=\" \" width=\"12\" height=\"11\" border=\"0\" \/> Senti che la via trasformativa pu\u00f2 essere <strong>nonviolenta<\/strong>, <strong>dialogica<\/strong>, <strong>responsabile<\/strong>, non frontale o contrappositiva, ma invisibile, <strong>comunitaria<\/strong> e relazionale?<\/p>\n<p><img decoding=\"async\" src=\"https:\/\/lh4.googleusercontent.com\/-KUnM_IO-hAs\/TgZgN0tqEuI\/AAAAAAAAAZk\/Cachu2JnhXM\/bullet.gif\" alt=\" \" width=\"12\" height=\"11\" border=\"0\" \/> Senti che <strong>\u00e8 venuto il tempo di fare<\/strong> qualcosa, oggi, insieme?<\/p>\n<p>Se ti stai ponendo queste domande, il Workshop probabilmente \u00e8 il luogo che stai cercando per costruire insieme la <strong>nuova scuola<\/strong>.<br \/>\n<em><br \/>\n<\/em><br \/>\n<em><br \/>\n<\/em><\/p>\n<table width=\"100%\">\n<tbody>\n<tr>\n<td height=\"30\" bgcolor=\"#7e4096\"><strong><span style=\"color: #ffffff; font-size: 150%;\">\u00a0Cosa faremo?<\/span><\/strong><\/td>\n<\/tr>\n<\/tbody>\n<\/table>\n<p>Nel Workshop costruiamo insieme una vision e un\u2019<strong>analisi critica collettiva<\/strong> e comune.<\/p>\n<p>Ci formiamo attraverso <strong>strumenti<\/strong> e <strong>tecniche trasformatrici<\/strong>, nonviolente, coscientizzatrici e liberatrici che sperimentiamo in prima persona.<\/p>\n<p>Prepariamo insieme un <strong>piano d\u2019azione collettivo<\/strong> che consente agli <strong>Insegnanti Resistenti<\/strong> partecipanti al Workshop di procedere insieme passo dopo passo, sostenendosi nella realizzazione e allargando piano piano il fronte trasformativo interno alla scuola.<br \/>\n<em><br \/>\n<\/em><br \/>\n<em><br \/>\n<\/em><\/p>\n<table width=\"100%\">\n<tbody>\n<tr>\n<td height=\"30\" bgcolor=\"#7e4096\"><strong><span style=\"color: #ffffff; font-size: 150%;\">\u00a0A chi \u00e8 indicato il Workshop?<\/span><\/strong><\/td>\n<\/tr>\n<\/tbody>\n<\/table>\n<p>Alle giornate partecipano gli insegnanti delle scuole pubbliche, private e parentali di ogni ordine e grado, dagli insegnanti dell\u2019asilo nido ai docenti universitari, che condividono l\u2019<strong>imperativo etico di essere insieme in prima persona costruttori del cambiamento storico<\/strong> della scuola di oggi.<br \/>\n<em><br \/>\n<\/em><br \/>\n<em><br \/>\n<\/em><\/p>\n<table width=\"100%\">\n<tbody>\n<tr>\n<td height=\"30\" bgcolor=\"#7e4096\"><strong><span style=\"color: #ffffff; font-size: 150%;\">\u00a0Informazioni<\/span><\/strong><\/td>\n<\/tr>\n<\/tbody>\n<\/table>\n<p>In coerenza con le finalit\u00e0 del Workshop, ai partecipanti verr\u00e0 richiesto di presentarsi con il solo nome di battesimo (o con un nome con cui hanno piacere di essere chiamati) e citt\u00e0 di provenienza (es. Paola di Trento o Luca di Napoli). Non verranno raccolti e conservati dati personali (solo mail e un recapito telefonico per motivi organizzativi del Workshop).<\/p>\n<p>Nel corso del Workshop vengono consegnati ai partecipanti 3 testi di approfondimento.<\/p>\n<p>Il piano d\u2019azione steso insieme nel corso del Workshop pu\u00f2 essere sviluppato, sostenuto e confrontato tra gli <strong>Insegnanti Resistenti<\/strong> che man mano partecipano alle diverse edizioni del Workshop, sul <a style=\"text-decoration: none;\" title=\"Iscriviti al Gruppo Telegram degli Insegnanti Resistenti\" href=\"https:\/\/t.me\/+i3a7WyfSuyE0YzY0\">Gruppo Telegram privato<\/a>.<\/p>\n<p>Gli Insegnanti Resistenti <strong>non hanno<\/strong> (e non avranno) <strong>un capo<\/strong>, un organizzatore, un pianificatore che li coordina o indirizza, ma sono (e saranno) in raccordo, coordinamento, influenzamento e sostegno reciproco tra loro, cos\u00ec da essere &#8220;<strong>seme di trasformazione<\/strong>&#8221; in ogni scuola dove insegnano.<\/p>\n<p>Gli <strong>Insegnanti Resistenti<\/strong> si conoscono solo tra quelli che partecipano allo stesso Workshop, ma con gli altri non si conoscono per lo pi\u00f9 tra loro (a meno che non decidano di farlo) e si muovono autonomamente, attraverso una modalit\u00e0 silente e invisibile, al fine di rendere difficile che la struttura organizzativa di ciascuna scuola possa attivare delle norme interne o delle procedure che possano bloccare il processo traformativo in atto.<br \/>\n<em><br \/>\n<\/em><br \/>\n<em><br \/>\n<\/em><br \/>\n<a style=\"text-decoration: none;\" title=\"Scarica il depliant informativo\" href=\"https:\/\/www.studiokappa.it\/wp-content\/uploads\/2024\/12\/2025InsegnantiResistenti.pdf\">Scarica il depliant informativo<\/a><\/p>\n<p><a style=\"text-decoration: none;\" title=\"Iscriviti al Workshop\" href=\"https:\/\/www.studiokappa.it\/?page_id=21522\">Iscriviti al Workshop<\/a><\/p>\n<p><a style=\"text-decoration: none;\" title=\"Iscriviti al Gruppo Telegram degli Insegnanti Resistenti\" href=\"https:\/\/t.me\/+i3a7WyfSuyE0YzY0\">Iscriviti al Gruppo Telegram degli Insegnanti Resistenti<\/a><\/p>\n<p><a style=\"text-decoration: none;\" title=\"Richiedi il Workshop degli Insegnanti Resistenti nella tua citt\u00e0\" href=\"https:\/\/www.studiokappa.it\/?page_id=21625\">Preferisci che un Workshop degli Insegnanti Resistenti sia realizzato nella tua citt\u00e0, cos\u00ec da fare rete e densit\u00e0 sul territorio?<br \/>\nClicca qui e lo realizziamo nella tua citt\u00e0.<\/a><br \/>\n<em><br \/>\n<\/em><br \/>\n<em><br \/>\n<\/em><\/p>\n","protected":false},"excerpt":{"rendered":"<p>Trasformare la scuola dall\u2019interno: la vision, le tecniche, il piano d\u2019azione L\u2019immagine scelta rappresenta la forza delle montagne. Una forza calma, salda, solida, apparentemente immobile. La resistenza italiana, che ha portato poi al superamento dal fascismo, \u00e8 stata portata avanti da donne e uomini (le donne nella resistenza hanno avuto un ruolo importantissimo, proprio perch\u00e8 [&hellip;]<\/p>\n","protected":false},"author":1,"featured_media":0,"comment_status":"closed","ping_status":"open","sticky":false,"template":"","format":"standard","meta":{"footnotes":""},"categories":[1],"tags":[],"class_list":["post-21562","post","type-post","status-publish","format-standard","hentry","category-senza-categoria"],"_links":{"self":[{"href":"https:\/\/www.studiokappa.it\/index.php?rest_route=\/wp\/v2\/posts\/21562","targetHints":{"allow":["GET"]}}],"collection":[{"href":"https:\/\/www.studiokappa.it\/index.php?rest_route=\/wp\/v2\/posts"}],"about":[{"href":"https:\/\/www.studiokappa.it\/index.php?rest_route=\/wp\/v2\/types\/post"}],"author":[{"embeddable":true,"href":"https:\/\/www.studiokappa.it\/index.php?rest_route=\/wp\/v2\/users\/1"}],"replies":[{"embeddable":true,"href":"https:\/\/www.studiokappa.it\/index.php?rest_route=%2Fwp%2Fv2%2Fcomments&post=21562"}],"version-history":[{"count":0,"href":"https:\/\/www.studiokappa.it\/index.php?rest_route=\/wp\/v2\/posts\/21562\/revisions"}],"wp:attachment":[{"href":"https:\/\/www.studiokappa.it\/index.php?rest_route=%2Fwp%2Fv2%2Fmedia&parent=21562"}],"wp:term":[{"taxonomy":"category","embeddable":true,"href":"https:\/\/www.studiokappa.it\/index.php?rest_route=%2Fwp%2Fv2%2Fcategories&post=21562"},{"taxonomy":"post_tag","embeddable":true,"href":"https:\/\/www.studiokappa.it\/index.php?rest_route=%2Fwp%2Fv2%2Ftags&post=21562"}],"curies":[{"name":"wp","href":"https:\/\/api.w.org\/{rel}","templated":true}]}}