{"id":20508,"date":"2024-01-16T15:39:14","date_gmt":"2024-01-16T15:39:14","guid":{"rendered":"https:\/\/www.studiokappa.it\/?p=20508"},"modified":"2024-02-15T14:08:44","modified_gmt":"2024-02-15T14:08:44","slug":"identita-e-razionalita-del-noi","status":"publish","type":"post","link":"https:\/\/www.studiokappa.it\/?p=20508","title":{"rendered":"Identit\u00e0 e razionalit\u00e0 del noi"},"content":{"rendered":"\n<p>Ruolo e competenze degli ETS per comunit\u00e0 aperte, coese, potenti e generative<\/p>\n\n\n\n<figure class=\"wp-block-image size-full\"><img fetchpriority=\"high\" decoding=\"async\" width=\"975\" height=\"658\" src=\"https:\/\/www.studiokappa.it\/wp-content\/uploads\/2024\/01\/Immagine1.jpg\" alt=\"\" class=\"wp-image-20499\" srcset=\"https:\/\/www.studiokappa.it\/wp-content\/uploads\/2024\/01\/Immagine1.jpg 975w, https:\/\/www.studiokappa.it\/wp-content\/uploads\/2024\/01\/Immagine1-600x405.jpg 600w, https:\/\/www.studiokappa.it\/wp-content\/uploads\/2024\/01\/Immagine1-768x518.jpg 768w\" sizes=\"(max-width: 975px) 100vw, 975px\" \/><\/figure>\n\n\n\n<p><\/p>\n\n\n\n<p>Si svolge a Pavia il 9 e 10 marzo il training &#8220;Identit\u00e0 e razionalit\u00e0 del noi&#8221; per sviluppare approcci e competenze del Terzo Settore nel qualificare i propri interventi costruendo senso di comunit\u00e0 e generando pratiche inclusive, ecologiche e trasformative sui territori. <\/p>\n\n\n\n<p>Le due giornate di formazione sono uno spazio di scoperta e sperimentazione di come non solo \u201cfare cose nuove\u201d, ma \u201cfare nuove le cose\u201d. &nbsp;<\/p>\n\n\n\n<p>Il Training rafforza tra i partecipanti il senso di identit\u00e0 e del valore dell\u2019impegno volontario nel mondo\/territorio; sviluppa senso di appartenenza e partecipazione e apre ai volontari la possibilit\u00e0 di scegliere approcci e strumenti coerenti con il nuovo che stanno sperimentando: modalit\u00e0 di relazione, di partecipazione, di organizzazione, di connessione con altri soggetti e con i territori che siano pi\u00f9 efficaci e orientati a costruire in modo consapevole sul territorio nuova identit\u00e0 e razionalit\u00e0 del noi.<\/p>\n\n\n\n<p>La formula \u00e8 quella del training, cio\u00e8 dell\u2019allenamento, dell\u2019imparare facendo con metodologie attive e non direttive, ad alto coinvolgimento dei partecipanti.<\/p>\n\n\n\n<p>La formazione si sviluppa in due giornate consecutive di lavoro, dalle ore 9.00 alle ore 18.00, con le pause necessarie a dedicarsi serenamente ad un profondo e al contempo gradevole &#8220;stare&#8221; nell&#8217;apprendimento.<\/p>\n\n\n\n<p>La location dell&#8217;incontro sar\u00e0 definita in base alle caratteristiche del gruppo dei partecipanti. <\/p>\n\n\n\n<p>Scarica la locandina dell&#8217;evento <a href=\"https:\/\/www.studiokappa.it\/wp-content\/uploads\/2024\/01\/2024-LOC-Identita-e-razionalita-del-noi-PV.pdf\">qui<\/a><\/p>\n\n\n\n<p>Costo del corso 200,00\u20ac<\/p>\n\n\n\n<p>Per ogni ulteriori informazioni: info@studiokappa.it &#8211; cell. +39 347.8672467<\/p>\n\n\n\n<p>Per iscrizioni: <a href=\"https:\/\/www.studiokappa.it\/?page_id=15246\" data-type=\"page\" data-id=\"15246\">Iscrizione evento<\/a><\/p>\n","protected":false},"excerpt":{"rendered":"<p>Ruolo e competenze degli ETS per comunit\u00e0 aperte, coese, potenti e generative Si svolge a Pavia il 9 e 10 marzo il training &#8220;Identit\u00e0 e razionalit\u00e0 del noi&#8221; per sviluppare approcci e competenze del Terzo Settore nel qualificare i propri interventi costruendo senso di comunit\u00e0 e generando pratiche inclusive, ecologiche e trasformative sui territori. Le [&hellip;]<\/p>\n","protected":false},"author":1,"featured_media":0,"comment_status":"closed","ping_status":"open","sticky":false,"template":"","format":"standard","meta":{"footnotes":""},"categories":[27,25,23,22,21,26,1],"tags":[],"class_list":["post-20508","post","type-post","status-publish","format-standard","hentry","category-anna-zumbo","category-consulenza","category-empowerment-dei-territori","category-empowerment-delle-comunita","category-empowerment-delle-organizzazioni","category-formazione","category-senza-categoria"],"_links":{"self":[{"href":"https:\/\/www.studiokappa.it\/index.php?rest_route=\/wp\/v2\/posts\/20508","targetHints":{"allow":["GET"]}}],"collection":[{"href":"https:\/\/www.studiokappa.it\/index.php?rest_route=\/wp\/v2\/posts"}],"about":[{"href":"https:\/\/www.studiokappa.it\/index.php?rest_route=\/wp\/v2\/types\/post"}],"author":[{"embeddable":true,"href":"https:\/\/www.studiokappa.it\/index.php?rest_route=\/wp\/v2\/users\/1"}],"replies":[{"embeddable":true,"href":"https:\/\/www.studiokappa.it\/index.php?rest_route=%2Fwp%2Fv2%2Fcomments&post=20508"}],"version-history":[{"count":0,"href":"https:\/\/www.studiokappa.it\/index.php?rest_route=\/wp\/v2\/posts\/20508\/revisions"}],"wp:attachment":[{"href":"https:\/\/www.studiokappa.it\/index.php?rest_route=%2Fwp%2Fv2%2Fmedia&parent=20508"}],"wp:term":[{"taxonomy":"category","embeddable":true,"href":"https:\/\/www.studiokappa.it\/index.php?rest_route=%2Fwp%2Fv2%2Fcategories&post=20508"},{"taxonomy":"post_tag","embeddable":true,"href":"https:\/\/www.studiokappa.it\/index.php?rest_route=%2Fwp%2Fv2%2Ftags&post=20508"}],"curies":[{"name":"wp","href":"https:\/\/api.w.org\/{rel}","templated":true}]}}